{"id":1304,"date":"2020-09-11T11:36:36","date_gmt":"2020-09-11T09:36:36","guid":{"rendered":"https:\/\/ialoc.ro\/lacafea\/?p=1304"},"modified":"2020-09-11T11:38:10","modified_gmt":"2020-09-11T09:38:10","slug":"suplimentul-zile-si-nopti-dedicat-ialoc-fest","status":"publish","type":"post","link":"https:\/\/ialoc.ro\/lacafea\/suplimentul-zile-si-nopti-dedicat-ialoc-fest\/","title":{"rendered":"Suplimentul ialoc fest"},"content":{"rendered":"\n<h2>Suplimentul Zile \u0219i Nop\u021bi dedicat ialoc fest<\/h2>\n\n\n\n<p>Am creat <a href=\"https:\/\/ialocfest.ro\">ialoc Fest<\/a> ca cel mai mare festival dedicat restaurantelor care \u00ee\u0219i a\u0219teapt\u0103 oaspe\u021bii la mas\u0103, cu respectarea tuturor m\u0103surilor de siguran\u021b\u0103. \u0218i nu oricum, ci \u0219i cu o serie de oferte \u0219i reduceri de p\u00e2n\u0103 la -50% doar la rezervarea mesei prin aplica\u021bia ialoc.\u00a0<\/p>\n\n\n\n<p>Tr\u0103im vremuri interesante, \u00een care ne lupt\u0103m cu to\u021bii cu un inamic invizibil, care \u00eens\u0103 ne-a schimbat radical via\u021ba. Ultimele luni au schimbat toate momentele de petrecere a timpului liber, fie c\u0103 vorbim de ie\u0219irile \u00een ora\u0219, \u00eent\u00e2lnirile cu prietenii sau mersul la restaurant. Am devenit mai introver\u021bi. Mai precau\u021bi. Mai economi.<\/p>\n\n\n\n<p>De\u0219i lucrurile nu mai sunt cum le \u0219tiam noi, locurile pe care le \u00eendr\u0103gim au r\u0103mas acelea\u0219i. Buc\u0103tarii restaurantelor care ne plac creeaz\u0103 meniuri \u00een continuare care s\u0103 ne surprind\u0103 gusturile. Ne a\u0219teapt\u0103 la mas\u0103. Au grij\u0103 ca totul s\u0103 se \u00eent\u00e2mple \u00een deplin\u0103 siguran\u021b\u0103.<\/p>\n\n\n\n<p>Noi, echipa ialoc, credem c\u0103 este important s\u0103 \u00een\u021belegem c\u0103 facem parte dintr-un ecosistem care \u00eenseamn\u0103 sus\u021binerea celuilalt, \u00eentr-un moment \u00een care industria ospitalit\u0103\u021bii a avut foarte mult de suferit \u00een aceast\u0103 perioad\u0103 \u0219i are nevoie de ajutor.<\/p>\n\n\n\n<p>\u00cenc\u0103 de la \u00eenceputul st\u0103rii de criz\u0103, am c\u0103utat solu\u021bii ca toate aceste afaceri creative care ne aduc bucurie prin experien\u021be culinare s\u0103 se poat\u0103 men\u021bine, implic\u00e2nd utilizatorii aplica\u021biei ialoc \u00een sus\u021binerea lor, prin campanii dedicate. Dup\u0103 ce perioada de carantin\u0103 a trecut \u0219i noile reglement\u0103ri au redus semnificativ num\u0103rul de locuri \u0219i au \u00eenchis unele restaurante, neav\u00e2nd zon\u0103 de teras\u0103, am continuat sus\u021binerea lor, iar acum, c\u00e2nd un nou val de relax\u0103ri a fost oferit de guvern, complet\u0103m experien\u021ba utilizatorului de a ie\u0219i \u00een ora\u0219 cu o serie de reduceri \u0219i oferte speciale la restaurantele partenere ialoc Fest.\u00a0<\/p>\n\n\n\n<p>\u0218tim c\u0103 exist\u0103 aceast\u0103 nesiguran\u021b\u0103 dat\u0103 de participarea \u00een spa\u021biile publice \u00een condi\u021bii de criz\u0103 pandemic\u0103, \u00eens\u0103 partenerii no\u0219tri ofer\u0103 experien\u021be culinare \u00een deplin\u0103 siguran\u021b\u0103, \u00een primul r\u00e2nd pentru c\u0103 au \u00een\u021beles c\u0103 respectarea tuturor regulilor de distan\u021bare social\u0103 \u0219i igien\u0103 sporit\u0103 aduc mai mult public..<\/p>\n\n\n\n<p>O mas\u0103 \u00een ora\u0219 \u00eenseamn\u0103 o bucurie pentru tine pe care o \u00eempar\u021bi cu cei dragi. Aceea\u0219i mas\u0103 \u00een ora\u0219 \u00eenseamn\u0103 responsabilitatea restaurantului fa\u021b\u0103 de angaja\u021bii s\u0103i, de la buc\u0103tarul care preg\u0103te\u0219te bun\u0103t\u0103\u021bi la chelnerul care \u00ee\u021bi serve\u0219te comanda.<\/p>\n\n\n\n<p>\u00cempreun\u0103, avem de c\u00e2\u0219tigat. Experien\u021be. Momente.&nbsp;<\/p>\n\n\n\n<div class=\"wp-block-button aligncenter is-style-default\"><a class=\"wp-block-button__link has-background\" href=\"https:\/\/issuu.com\/zilesinopti\/docs\/supliment_ialocfest__digital_\" style=\"background-color:#b8232d\">R\u0103sfoie\u0219te aici suplimentul Zile \u0219i Nop\u021bi special dedicat ialoc fest.<\/a><\/div>\n","protected":false},"excerpt":{"rendered":"<p>Suplimentul Zile \u0219i Nop\u021bi dedicat ialoc fest Am creat ialoc Fest ca cel mai mare festival dedicat restaurantelor care \u00ee\u0219i a\u0219teapt\u0103 oaspe\u021bii la mas\u0103, cu respectarea tuturor m\u0103surilor de siguran\u021b\u0103. \u0218i nu oricum, ci \u0219i cu o serie de oferte \u0219i reduceri de p\u00e2n\u0103 la -50% doar la rezervarea mesei prin aplica\u021bia ialoc.\u00a0 Tr\u0103im vremuri&#8230; <\/p>\n<div class=\"link-more\"><a href=\"https:\/\/ialoc.ro\/lacafea\/suplimentul-zile-si-nopti-dedicat-ialoc-fest\/\">Read More<\/a><\/div>\n","protected":false},"author":2,"featured_media":1310,"comment_status":"closed","ping_status":"closed","sticky":false,"template":"","format":"standard","meta":[],"categories":[86,2,81],"tags":[116,104,119,55,124,123],"jetpack_featured_media_url":"https:\/\/ialoc.ro\/lacafea\/wp-content\/uploads\/2020\/09\/smartmockups_key1o19b-e1599820939298.png","yoast_head":"<!-- This site is optimized with the Yoast SEO plugin v15.9 - https:\/\/yoast.com\/wordpress\/plugins\/seo\/ -->\n<title>Suplimentul ialoc fest - ialoc - La cafea<\/title>\n<meta name=\"robots\" content=\"index, follow, max-snippet:-1, max-image-preview:large, max-video-preview:-1\" \/>\n<link rel=\"canonical\" href=\"https:\/\/ialoc.ro\/lacafea\/suplimentul-zile-si-nopti-dedicat-ialoc-fest\/\" \/>\n<meta property=\"og:locale\" content=\"en_US\" \/>\n<meta property=\"og:type\" content=\"article\" \/>\n<meta property=\"og:title\" content=\"Suplimentul ialoc fest - ialoc - La cafea\" \/>\n<meta property=\"og:description\" content=\"Suplimentul Zile \u0219i Nop\u021bi dedicat ialoc fest Am creat ialoc Fest ca cel mai mare festival dedicat restaurantelor care \u00ee\u0219i a\u0219teapt\u0103 oaspe\u021bii la mas\u0103, cu respectarea tuturor m\u0103surilor de siguran\u021b\u0103. \u0218i nu oricum, ci \u0219i cu o serie de oferte \u0219i reduceri de p\u00e2n\u0103 la -50% doar la rezervarea mesei prin aplica\u021bia ialoc.\u00a0 Tr\u0103im vremuri... Read More\" \/>\n<meta property=\"og:url\" content=\"https:\/\/ialoc.ro\/lacafea\/suplimentul-zile-si-nopti-dedicat-ialoc-fest\/\" \/>\n<meta property=\"og:site_name\" content=\"ialoc - La cafea\" \/>\n<meta property=\"article:publisher\" content=\"http:\/\/facebook.com\/ialoc.romania\" \/>\n<meta property=\"article:published_time\" content=\"2020-09-11T09:36:36+00:00\" \/>\n<meta property=\"article:modified_time\" content=\"2020-09-11T09:38:10+00:00\" \/>\n<meta property=\"og:image\" content=\"https:\/\/ialoc.ro\/lacafea\/wp-content\/uploads\/2020\/09\/smartmockups_key1o19b-e1599820939298.png\" \/>\n\t<meta property=\"og:image:width\" content=\"1700\" \/>\n\t<meta property=\"og:image:height\" content=\"1310\" \/>\n<meta name=\"twitter:card\" content=\"summary\" \/>\n<meta name=\"twitter:creator\" content=\"@ialoc_romania\" \/>\n<meta name=\"twitter:site\" content=\"@ialoc_romania\" \/>\n<meta name=\"twitter:label1\" content=\"Est. reading time\">\n\t<meta name=\"twitter:data1\" content=\"2 minutes\">\n<script type=\"application\/ld+json\" class=\"yoast-schema-graph\">{\"@context\":\"https:\/\/schema.org\",\"@graph\":[{\"@type\":\"WebSite\",\"@id\":\"https:\/\/ialoc.ro\/lacafea\/#website\",\"url\":\"https:\/\/ialoc.ro\/lacafea\/\",\"name\":\"ialoc - La cafea\",\"description\":\"Pove\\u0219ti proaspete despre restaurante, baruri \\u0219i cafenele\",\"potentialAction\":[{\"@type\":\"SearchAction\",\"target\":\"https:\/\/ialoc.ro\/lacafea\/?s={search_term_string}\",\"query-input\":\"required name=search_term_string\"}],\"inLanguage\":\"en-US\"},{\"@type\":\"ImageObject\",\"@id\":\"https:\/\/ialoc.ro\/lacafea\/suplimentul-zile-si-nopti-dedicat-ialoc-fest\/#primaryimage\",\"inLanguage\":\"en-US\",\"url\":\"https:\/\/ialoc.ro\/lacafea\/wp-content\/uploads\/2020\/09\/smartmockups_key1o19b-e1599820939298.png\",\"width\":1700,\"height\":1310},{\"@type\":\"WebPage\",\"@id\":\"https:\/\/ialoc.ro\/lacafea\/suplimentul-zile-si-nopti-dedicat-ialoc-fest\/#webpage\",\"url\":\"https:\/\/ialoc.ro\/lacafea\/suplimentul-zile-si-nopti-dedicat-ialoc-fest\/\",\"name\":\"Suplimentul ialoc fest - ialoc - La cafea\",\"isPartOf\":{\"@id\":\"https:\/\/ialoc.ro\/lacafea\/#website\"},\"primaryImageOfPage\":{\"@id\":\"https:\/\/ialoc.ro\/lacafea\/suplimentul-zile-si-nopti-dedicat-ialoc-fest\/#primaryimage\"},\"datePublished\":\"2020-09-11T09:36:36+00:00\",\"dateModified\":\"2020-09-11T09:38:10+00:00\",\"author\":{\"@id\":\"https:\/\/ialoc.ro\/lacafea\/#\/schema\/person\/95a93d07fca973e0485a7d8f705adb8f\"},\"breadcrumb\":{\"@id\":\"https:\/\/ialoc.ro\/lacafea\/suplimentul-zile-si-nopti-dedicat-ialoc-fest\/#breadcrumb\"},\"inLanguage\":\"en-US\",\"potentialAction\":[{\"@type\":\"ReadAction\",\"target\":[\"https:\/\/ialoc.ro\/lacafea\/suplimentul-zile-si-nopti-dedicat-ialoc-fest\/\"]}]},{\"@type\":\"BreadcrumbList\",\"@id\":\"https:\/\/ialoc.ro\/lacafea\/suplimentul-zile-si-nopti-dedicat-ialoc-fest\/#breadcrumb\",\"itemListElement\":[{\"@type\":\"ListItem\",\"position\":1,\"item\":{\"@type\":\"WebPage\",\"@id\":\"https:\/\/ialoc.ro\/lacafea\/\",\"url\":\"https:\/\/ialoc.ro\/lacafea\/\",\"name\":\"Home\"}},{\"@type\":\"ListItem\",\"position\":2,\"item\":{\"@type\":\"WebPage\",\"@id\":\"https:\/\/ialoc.ro\/lacafea\/suplimentul-zile-si-nopti-dedicat-ialoc-fest\/\",\"url\":\"https:\/\/ialoc.ro\/lacafea\/suplimentul-zile-si-nopti-dedicat-ialoc-fest\/\",\"name\":\"Suplimentul ialoc fest\"}}]},{\"@type\":\"Person\",\"@id\":\"https:\/\/ialoc.ro\/lacafea\/#\/schema\/person\/95a93d07fca973e0485a7d8f705adb8f\",\"name\":\"Adrian\",\"image\":{\"@type\":\"ImageObject\",\"@id\":\"https:\/\/ialoc.ro\/lacafea\/#personlogo\",\"inLanguage\":\"en-US\",\"url\":\"https:\/\/secure.gravatar.com\/avatar\/bf37b8bf50663592188d60173f8901aa?s=96&d=mm&r=g\",\"caption\":\"Adrian\"},\"sameAs\":[\"https:\/\/ialoc.ro\"]}]}<\/script>\n<!-- \/ Yoast SEO plugin. -->","amp_validity":null,"amp_enabled":true,"_links":{"self":[{"href":"https:\/\/ialoc.ro\/lacafea\/wp-json\/wp\/v2\/posts\/1304"}],"collection":[{"href":"https:\/\/ialoc.ro\/lacafea\/wp-json\/wp\/v2\/posts"}],"about":[{"href":"https:\/\/ialoc.ro\/lacafea\/wp-json\/wp\/v2\/types\/post"}],"author":[{"embeddable":true,"href":"https:\/\/ialoc.ro\/lacafea\/wp-json\/wp\/v2\/users\/2"}],"replies":[{"embeddable":true,"href":"https:\/\/ialoc.ro\/lacafea\/wp-json\/wp\/v2\/comments?post=1304"}],"version-history":[{"count":4,"href":"https:\/\/ialoc.ro\/lacafea\/wp-json\/wp\/v2\/posts\/1304\/revisions"}],"predecessor-version":[{"id":1312,"href":"https:\/\/ialoc.ro\/lacafea\/wp-json\/wp\/v2\/posts\/1304\/revisions\/1312"}],"wp:featuredmedia":[{"embeddable":true,"href":"https:\/\/ialoc.ro\/lacafea\/wp-json\/wp\/v2\/media\/1310"}],"wp:attachment":[{"href":"https:\/\/ialoc.ro\/lacafea\/wp-json\/wp\/v2\/media?parent=1304"}],"wp:term":[{"taxonomy":"category","embeddable":true,"href":"https:\/\/ialoc.ro\/lacafea\/wp-json\/wp\/v2\/categories?post=1304"},{"taxonomy":"post_tag","embeddable":true,"href":"https:\/\/ialoc.ro\/lacafea\/wp-json\/wp\/v2\/tags?post=1304"}],"curies":[{"name":"wp","href":"https:\/\/api.w.org\/{rel}","templated":true}]}}